{"id":1506,"date":"2023-07-11T07:40:53","date_gmt":"2023-07-11T07:40:53","guid":{"rendered":"http:\/\/fanclub-appenzell.ch\/?p=1506"},"modified":"2023-07-11T07:46:24","modified_gmt":"2023-07-11T07:46:24","slug":"hitsch54-trophy-2","status":"publish","type":"post","link":"https:\/\/fanclub-appenzell.ch\/?p=1506","title":{"rendered":"Hitsch54-Trophy"},"content":{"rendered":"\n<figure class=\"wp-block-image\"><a href=\"https:\/\/marcomaier.ch\/bkp\/fanclub-appenzell.ch\/wp-content\/uploads\/2023\/07\/IMG_0241.jpeg\"><img loading=\"lazy\" decoding=\"async\" width=\"1024\" height=\"768\" src=\"https:\/\/marcomaier.ch\/bkp\/fanclub-appenzell.ch\/wp-content\/uploads\/2023\/07\/IMG_0241-1024x768.jpeg\" alt=\"\" class=\"wp-image-1507\" srcset=\"https:\/\/fanclub-appenzell.ch\/wp-content\/uploads\/2023\/07\/IMG_0241-1024x768.jpeg 1024w, https:\/\/fanclub-appenzell.ch\/wp-content\/uploads\/2023\/07\/IMG_0241-300x225.jpeg 300w, https:\/\/fanclub-appenzell.ch\/wp-content\/uploads\/2023\/07\/IMG_0241-768x576.jpeg 768w\" sizes=\"(max-width: 1024px) 100vw, 1024px\" \/><\/a><figcaption>Auch in diesem Jahr meldeten wir wieder zwei Teams an und freuten uns auf einen geselligen Anlass<\/figcaption><\/figure>\n\n\n\n<figure class=\"wp-block-image\"><a href=\"https:\/\/marcomaier.ch\/bkp\/fanclub-appenzell.ch\/wp-content\/uploads\/2023\/07\/IMG_0242.jpeg\"><img loading=\"lazy\" decoding=\"async\" width=\"1024\" height=\"768\" src=\"https:\/\/marcomaier.ch\/bkp\/fanclub-appenzell.ch\/wp-content\/uploads\/2023\/07\/IMG_0242-1024x768.jpeg\" alt=\"\" class=\"wp-image-1508\" srcset=\"https:\/\/fanclub-appenzell.ch\/wp-content\/uploads\/2023\/07\/IMG_0242-1024x768.jpeg 1024w, https:\/\/fanclub-appenzell.ch\/wp-content\/uploads\/2023\/07\/IMG_0242-300x225.jpeg 300w, https:\/\/fanclub-appenzell.ch\/wp-content\/uploads\/2023\/07\/IMG_0242-768x576.jpeg 768w\" sizes=\"(max-width: 1024px) 100vw, 1024px\" \/><\/a><figcaption>P\u00fcnktlich werden am Samstagmorgen die Tenues montiert und bei den Stulpen gilt wie immer: links blau, rechts gelb, alles klar !!!<\/figcaption><\/figure>\n\n\n\n<figure class=\"wp-block-image\"><a href=\"https:\/\/marcomaier.ch\/bkp\/fanclub-appenzell.ch\/wp-content\/uploads\/2023\/07\/IMG_0243.jpeg\"><img loading=\"lazy\" decoding=\"async\" width=\"1024\" height=\"768\" src=\"https:\/\/marcomaier.ch\/bkp\/fanclub-appenzell.ch\/wp-content\/uploads\/2023\/07\/IMG_0243-1024x768.jpeg\" alt=\"\" class=\"wp-image-1509\" srcset=\"https:\/\/fanclub-appenzell.ch\/wp-content\/uploads\/2023\/07\/IMG_0243-1024x768.jpeg 1024w, https:\/\/fanclub-appenzell.ch\/wp-content\/uploads\/2023\/07\/IMG_0243-300x225.jpeg 300w, https:\/\/fanclub-appenzell.ch\/wp-content\/uploads\/2023\/07\/IMG_0243-768x576.jpeg 768w\" sizes=\"(max-width: 1024px) 100vw, 1024px\" \/><\/a><figcaption>Letzte Anweisungen, dann gehts los<\/figcaption><\/figure>\n\n\n\n<figure class=\"wp-block-image\"><a href=\"https:\/\/marcomaier.ch\/bkp\/fanclub-appenzell.ch\/wp-content\/uploads\/2023\/07\/IMG_0244.jpeg\"><img loading=\"lazy\" decoding=\"async\" width=\"751\" height=\"1024\" src=\"https:\/\/marcomaier.ch\/bkp\/fanclub-appenzell.ch\/wp-content\/uploads\/2023\/07\/IMG_0244-751x1024.jpeg\" alt=\"\" class=\"wp-image-1510\" srcset=\"https:\/\/fanclub-appenzell.ch\/wp-content\/uploads\/2023\/07\/IMG_0244-751x1024.jpeg 751w, https:\/\/fanclub-appenzell.ch\/wp-content\/uploads\/2023\/07\/IMG_0244-220x300.jpeg 220w, https:\/\/fanclub-appenzell.ch\/wp-content\/uploads\/2023\/07\/IMG_0244-768x1047.jpeg 768w, https:\/\/fanclub-appenzell.ch\/wp-content\/uploads\/2023\/07\/IMG_0244.jpeg 1980w\" sizes=\"(max-width: 751px) 100vw, 751px\" \/><\/a><figcaption>Wie man sieht ist der Himmel noch etwas bew\u00f6lkt und die Hitze somit ertr\u00e4glich<\/figcaption><\/figure>\n\n\n\n<figure class=\"wp-block-image\"><a href=\"https:\/\/marcomaier.ch\/bkp\/fanclub-appenzell.ch\/wp-content\/uploads\/2023\/07\/IMG_0247.jpeg\"><img loading=\"lazy\" decoding=\"async\" width=\"1024\" height=\"768\" src=\"https:\/\/marcomaier.ch\/bkp\/fanclub-appenzell.ch\/wp-content\/uploads\/2023\/07\/IMG_0247-1024x768.jpeg\" alt=\"\" class=\"wp-image-1511\" srcset=\"https:\/\/fanclub-appenzell.ch\/wp-content\/uploads\/2023\/07\/IMG_0247-1024x768.jpeg 1024w, https:\/\/fanclub-appenzell.ch\/wp-content\/uploads\/2023\/07\/IMG_0247-300x225.jpeg 300w, https:\/\/fanclub-appenzell.ch\/wp-content\/uploads\/2023\/07\/IMG_0247-768x576.jpeg 768w\" sizes=\"(max-width: 1024px) 100vw, 1024px\" \/><\/a><figcaption>Auch der Presi ist wieder als Aufpasser t\u00e4tig<\/figcaption><\/figure>\n\n\n\n<figure class=\"wp-block-image\"><a href=\"https:\/\/marcomaier.ch\/bkp\/fanclub-appenzell.ch\/wp-content\/uploads\/2023\/07\/IMG_0250.jpeg\"><img loading=\"lazy\" decoding=\"async\" width=\"737\" height=\"1024\" src=\"https:\/\/marcomaier.ch\/bkp\/fanclub-appenzell.ch\/wp-content\/uploads\/2023\/07\/IMG_0250-737x1024.jpeg\" alt=\"\" class=\"wp-image-1512\" srcset=\"https:\/\/fanclub-appenzell.ch\/wp-content\/uploads\/2023\/07\/IMG_0250-737x1024.jpeg 737w, https:\/\/fanclub-appenzell.ch\/wp-content\/uploads\/2023\/07\/IMG_0250-216x300.jpeg 216w, https:\/\/fanclub-appenzell.ch\/wp-content\/uploads\/2023\/07\/IMG_0250-768x1067.jpeg 768w\" sizes=\"(max-width: 737px) 100vw, 737px\" \/><\/a><figcaption>Unsere Truppe gibt wirklich alles auf dem Kunstrasen<\/figcaption><\/figure>\n\n\n\n<figure class=\"wp-block-image\"><a href=\"https:\/\/marcomaier.ch\/bkp\/fanclub-appenzell.ch\/wp-content\/uploads\/2023\/07\/IMG_0255.jpeg\"><img loading=\"lazy\" decoding=\"async\" width=\"1024\" height=\"768\" src=\"https:\/\/marcomaier.ch\/bkp\/fanclub-appenzell.ch\/wp-content\/uploads\/2023\/07\/IMG_0255-1024x768.jpeg\" alt=\"\" class=\"wp-image-1513\" srcset=\"https:\/\/fanclub-appenzell.ch\/wp-content\/uploads\/2023\/07\/IMG_0255-1024x768.jpeg 1024w, https:\/\/fanclub-appenzell.ch\/wp-content\/uploads\/2023\/07\/IMG_0255-300x225.jpeg 300w, https:\/\/fanclub-appenzell.ch\/wp-content\/uploads\/2023\/07\/IMG_0255-768x576.jpeg 768w\" sizes=\"(max-width: 1024px) 100vw, 1024px\" \/><\/a><figcaption>Beobachtet vom Schiesshorn gibts die erste Matchanalyse<\/figcaption><\/figure>\n\n\n\n<figure class=\"wp-block-image\"><a href=\"https:\/\/marcomaier.ch\/bkp\/fanclub-appenzell.ch\/wp-content\/uploads\/2023\/07\/IMG_0256.jpeg\"><img loading=\"lazy\" decoding=\"async\" width=\"1024\" height=\"705\" src=\"https:\/\/marcomaier.ch\/bkp\/fanclub-appenzell.ch\/wp-content\/uploads\/2023\/07\/IMG_0256-1024x705.jpeg\" alt=\"\" class=\"wp-image-1514\" srcset=\"https:\/\/fanclub-appenzell.ch\/wp-content\/uploads\/2023\/07\/IMG_0256-1024x705.jpeg 1024w, https:\/\/fanclub-appenzell.ch\/wp-content\/uploads\/2023\/07\/IMG_0256-300x207.jpeg 300w, https:\/\/fanclub-appenzell.ch\/wp-content\/uploads\/2023\/07\/IMG_0256-768x529.jpeg 768w\" sizes=\"(max-width: 1024px) 100vw, 1024px\" \/><\/a><figcaption>Die Nummern 7,8,12,10 und 4 warten gespannt auf den n\u00e4chsten Anpfiff<\/figcaption><\/figure>\n\n\n\n<figure class=\"wp-block-image\"><a href=\"https:\/\/marcomaier.ch\/bkp\/fanclub-appenzell.ch\/wp-content\/uploads\/2023\/07\/IMG_0259.jpeg\"><img loading=\"lazy\" decoding=\"async\" width=\"1024\" height=\"768\" src=\"https:\/\/marcomaier.ch\/bkp\/fanclub-appenzell.ch\/wp-content\/uploads\/2023\/07\/IMG_0259-1024x768.jpeg\" alt=\"\" class=\"wp-image-1515\" srcset=\"https:\/\/fanclub-appenzell.ch\/wp-content\/uploads\/2023\/07\/IMG_0259-1024x768.jpeg 1024w, https:\/\/fanclub-appenzell.ch\/wp-content\/uploads\/2023\/07\/IMG_0259-300x225.jpeg 300w, https:\/\/fanclub-appenzell.ch\/wp-content\/uploads\/2023\/07\/IMG_0259-768x576.jpeg 768w\" sizes=\"(max-width: 1024px) 100vw, 1024px\" \/><\/a><figcaption>Goaliewechsel unter Beobachtung von Maskottchen Guido<\/figcaption><\/figure>\n\n\n\n<figure class=\"wp-block-image\"><a href=\"https:\/\/marcomaier.ch\/bkp\/fanclub-appenzell.ch\/wp-content\/uploads\/2023\/07\/IMG_0258.jpeg\"><img loading=\"lazy\" decoding=\"async\" width=\"1024\" height=\"768\" src=\"https:\/\/marcomaier.ch\/bkp\/fanclub-appenzell.ch\/wp-content\/uploads\/2023\/07\/IMG_0258-1024x768.jpeg\" alt=\"\" class=\"wp-image-1516\" srcset=\"https:\/\/fanclub-appenzell.ch\/wp-content\/uploads\/2023\/07\/IMG_0258-1024x768.jpeg 1024w, https:\/\/fanclub-appenzell.ch\/wp-content\/uploads\/2023\/07\/IMG_0258-300x225.jpeg 300w, https:\/\/fanclub-appenzell.ch\/wp-content\/uploads\/2023\/07\/IMG_0258-768x576.jpeg 768w\" sizes=\"(max-width: 1024px) 100vw, 1024px\" \/><\/a><figcaption>Nach einigen spannenden Spielen ist das Ganze vorbei und wir freuen uns auf einen gem\u00fctlichen Abend im Festzelt<\/figcaption><\/figure>\n\n\n\n<figure class=\"wp-block-image\"><a href=\"https:\/\/marcomaier.ch\/bkp\/fanclub-appenzell.ch\/wp-content\/uploads\/2023\/07\/IMG_0254.jpeg\"><img loading=\"lazy\" decoding=\"async\" width=\"1024\" height=\"768\" src=\"https:\/\/marcomaier.ch\/bkp\/fanclub-appenzell.ch\/wp-content\/uploads\/2023\/07\/IMG_0254-1024x768.jpeg\" alt=\"\" class=\"wp-image-1517\" srcset=\"https:\/\/fanclub-appenzell.ch\/wp-content\/uploads\/2023\/07\/IMG_0254-1024x768.jpeg 1024w, https:\/\/fanclub-appenzell.ch\/wp-content\/uploads\/2023\/07\/IMG_0254-300x225.jpeg 300w, https:\/\/fanclub-appenzell.ch\/wp-content\/uploads\/2023\/07\/IMG_0254-768x576.jpeg 768w\" sizes=\"(max-width: 1024px) 100vw, 1024px\" \/><\/a><figcaption>Stehend vlnr: Fabian, Berni, Philipp, Brigitte, Leon, P\u00e4dy, Can, Sabrina, Casa, Selina, S\u00e4ntis, vorne: Luana, Markus, Stefan. Ein riesiges Danke allen f\u00fcrs Mitmachen und Organisieren, wir freuen uns schon aufs n\u00e4chste Mal<\/figcaption><\/figure>\n","protected":false},"excerpt":{"rendered":"","protected":false},"author":5,"featured_media":0,"comment_status":"closed","ping_status":"closed","sticky":false,"template":"","format":"standard","meta":{"footnotes":""},"categories":[1],"tags":[],"_links":{"self":[{"href":"https:\/\/fanclub-appenzell.ch\/index.php?rest_route=\/wp\/v2\/posts\/1506"}],"collection":[{"href":"https:\/\/fanclub-appenzell.ch\/index.php?rest_route=\/wp\/v2\/posts"}],"about":[{"href":"https:\/\/fanclub-appenzell.ch\/index.php?rest_route=\/wp\/v2\/types\/post"}],"author":[{"embeddable":true,"href":"https:\/\/fanclub-appenzell.ch\/index.php?rest_route=\/wp\/v2\/users\/5"}],"replies":[{"embeddable":true,"href":"https:\/\/fanclub-appenzell.ch\/index.php?rest_route=%2Fwp%2Fv2%2Fcomments&post=1506"}],"version-history":[{"count":1,"href":"https:\/\/fanclub-appenzell.ch\/index.php?rest_route=\/wp\/v2\/posts\/1506\/revisions"}],"predecessor-version":[{"id":1518,"href":"https:\/\/fanclub-appenzell.ch\/index.php?rest_route=\/wp\/v2\/posts\/1506\/revisions\/1518"}],"wp:attachment":[{"href":"https:\/\/fanclub-appenzell.ch\/index.php?rest_route=%2Fwp%2Fv2%2Fmedia&parent=1506"}],"wp:term":[{"taxonomy":"category","embeddable":true,"href":"https:\/\/fanclub-appenzell.ch\/index.php?rest_route=%2Fwp%2Fv2%2Fcategories&post=1506"},{"taxonomy":"post_tag","embeddable":true,"href":"https:\/\/fanclub-appenzell.ch\/index.php?rest_route=%2Fwp%2Fv2%2Ftags&post=1506"}],"curies":[{"name":"wp","href":"https:\/\/api.w.org\/{rel}","templated":true}]}}